{"id":4002,"date":"2025-02-13T06:21:36","date_gmt":"2025-02-13T05:21:36","guid":{"rendered":"https:\/\/www.dokaattila.hu\/?p=4002"},"modified":"2025-02-13T06:21:36","modified_gmt":"2025-02-13T05:21:36","slug":"kulonleges-szinhazi-eloadas-es-dijatado-a-premier-kultcafeban","status":"publish","type":"post","link":"https:\/\/www.dokaattila.hu\/?p=4002","title":{"rendered":"K\u00fcl\u00f6nleges sz\u00ednh\u00e1zi el\u0151ad\u00e1s \u00e9s d\u00edj\u00e1tad\u00f3 a Premier KultCaf\u00e9ban"},"content":{"rendered":"<p style=\"text-align: justify;\" data-start=\"67\" data-end=\"309\"><strong>A Mozdulj! K\u00f6zhaszn\u00fa Egyes\u00fclet szeretettel megh\u00edvja a k\u00f6z\u00f6ns\u00e9get egy k\u00fcl\u00f6nleges, integr\u00e1lt felolvas\u00f3sz\u00ednh\u00e1zi el\u0151ad\u00e1sra \u00e9s a H\u00e9tk\u00f6znapok H\u0151sei d\u00edj\u00e1tad\u00f3ra, amely 2025. febru\u00e1r 16-\u00e1n, vas\u00e1rnap 15 \u00f3r\u00e1t\u00f3l ker\u00fcl megrendez\u00e9sre a Premier KultCaf\u00e9ban.<\/strong><\/p>\n<p style=\"text-align: justify;\" data-start=\"311\" data-end=\"863\">A &#8222;Elfogy\u00f3 szeretet&#8221; c\u00edm\u0171 el\u0151ad\u00e1s egy m\u00e9lyrehat\u00f3 \u00fczenettel k\u00edv\u00e1nja meg\u00e9rinteni a n\u00e9z\u0151ket. A darab a szeretet, az emberi kapcsolatok t\u00f6r\u00e9kenys\u00e9ge, valamint az \u00fajrakezd\u00e9s lehet\u0151s\u00e9geit helyezi k\u00f6z\u00e9ppontba. Az el\u0151ad\u00e1s alapj\u00e1t D\u00f3ka Attila dalai \u00e9s versei adj\u00e1k, amelyeket Juh\u00e1sz Melinda dolgozott fel \u00e9s \u00e1ll\u00edtott sz\u00ednpadra. A t\u00f6rt\u00e9net nemcsak egy sz\u00ednh\u00e1zi \u00e9lm\u00e9ny, hanem egy olyan gondolat\u00e9breszt\u0151 utaz\u00e1s is, amely a kapcsolatok m\u00e9lys\u00e9geit, a h\u0171s\u00e9g \u00e9s elenged\u00e9s dilemm\u00e1j\u00e1t, valamint az emberi \u00e9let egy-egy pillanataiban rejl\u0151 hatalmas v\u00e1ltoz\u00e1sokat vizsg\u00e1lja.<\/p>\n<p style=\"text-align: justify;\" data-start=\"865\" data-end=\"1131\">A Mozdulj! K\u00f6zhaszn\u00fa Egyes\u00fclet \u00e9s a szerz\u0151p\u00e1ros, D\u00f3ka Attila \u00e9s Juh\u00e1sz Melinda sz\u00e1m\u00e1ra ez m\u00e1r a harmadik k\u00f6z\u00f6s produkci\u00f3. Az els\u0151 bemutat\u00f3 n\u00e9gy \u00e9vvel ezel\u0151tt a Bethlen T\u00e9ri Sz\u00ednh\u00e1zban volt, m\u00edg a m\u00e1sodik darabot 2023-ban az Aranyt\u00edz Kult\u00farh\u00e1zban l\u00e1thatta a k\u00f6z\u00f6ns\u00e9g.<\/p>\n<p style=\"text-align: justify;\" data-start=\"1133\" data-end=\"1501\">A f\u0151szerepekben R\u00e1k Kati, R. K\u00e1rp\u00e1ti P\u00e9ter \u00e9s Harza M\u00e1rk l\u00e9pnek sz\u00ednpadra, akik mellett mozg\u00e1s-, l\u00e1t\u00e1s- \u00e9s hall\u00e1ss\u00e9r\u00fclt m\u0171v\u00e9szek is k\u00f6zrem\u0171k\u00f6dnek, \u00e9p m\u0171v\u00e9szt\u00e1rsaikkal egy\u00fctt. A produkci\u00f3 egyedis\u00e9ge abban rejlik, hogy a klasszikus sz\u00ednpadi j\u00e1t\u00e9k mellett kerekessz\u00e9kes t\u00e1nc, jelnyelvi tolm\u00e1csol\u00e1s \u00e9s zen\u00e9re koreograf\u00e1lt mozg\u00e1svil\u00e1g is szerepel, emelve a m\u0171v\u00e9szi \u00e9lm\u00e9nyt.<\/p>\n<p style=\"text-align: justify;\" data-start=\"1503\" data-end=\"1814\">Az el\u0151ad\u00e1s k\u00fcl\u00f6n\u00f6s aktualit\u00e1st nyer, mivel egy olyan h\u00e9ten z\u00e1rul, amelyet 21 orsz\u00e1gban a p\u00e1rkapcsolatok, az elk\u00f6telez\u0151d\u00e9s \u00e9s az emberi kapcsolatok meg\u0151rz\u00e9s\u00e9nek fontoss\u00e1ga jegyezett. A darab ezen t\u00e9m\u00e1k k\u00f6r\u00e9 \u00e9p\u00fclve reflekt\u00e1l a kapcsolatok m\u00e9lys\u00e9geire, \u00e9s arra, hogyan form\u00e1lhatja egyetlen d\u00f6nt\u00e9s egy ember \u00e9let\u00e9t.<\/p>\n<p style=\"text-align: justify;\" data-start=\"1816\" data-end=\"2191\">Az el\u0151ad\u00e1st k\u00f6vet\u0151en ker\u00fcl sor a H\u00e9tk\u00f6znapok H\u0151sei d\u00edj\u00e1tad\u00f3ra, melyet a Mozdulj! K\u00f6zhaszn\u00fa Egyes\u00fclet 2013 \u00f3ta minden \u00e9vben meghirdet. A d\u00edjat \u00f6nk\u00e9ntes seg\u00edt\u0151k \u00e9s p\u00e9ldamutat\u00f3 munk\u00e1t v\u00e9gz\u0151 szem\u00e9lyek kapj\u00e1k, akik hozz\u00e1j\u00e1rulnak a t\u00e1rsadalmi \u00fcgyekhez \u00e9s az emberek seg\u00edt\u00e9s\u00e9hez. Az idei d\u00edjazottakat k\u00f6z\u00f6ns\u00e9gszavaz\u00e1s d\u00f6nt\u00f6tte el, \u00e9s a d\u00edj\u00e1tad\u00f3 cerem\u00f3nia fontos r\u00e9sze az esem\u00e9nynek.<\/p>\n<p style=\"text-align: justify;\" data-start=\"2193\" data-end=\"2359\">Ez az est teh\u00e1t nem csup\u00e1n egy sz\u00ednh\u00e1zi \u00e9lm\u00e9nyt, hanem egy t\u00e1rsadalmi \u00fczenetet is k\u00f6zvet\u00edt. Az alkot\u00f3k \u00e9s szerepl\u0151k az esem\u00e9ny ut\u00e1n interj\u00fara is rendelkez\u00e9sre \u00e1llnak.<\/p>\n<p style=\"text-align: justify;\" data-start=\"2361\" data-end=\"2474\" data-is-last-node=\"\"><strong data-start=\"2361\" data-end=\"2373\">Id\u0151pont:<\/strong> 2025. febru\u00e1r 16. (vas\u00e1rnap), 15:00<br data-start=\"2409\" data-end=\"2412\" \/><strong data-start=\"2412\" data-end=\"2425\">Helysz\u00edn:<\/strong> Premier KultCaf\u00e9 (1085 Budapest, Baross utca 1.)<\/p>\n<p data-start=\"2361\" data-end=\"2474\" data-is-last-node=\"\"><a href=\"http:\/\/www.dokaattila.hu\/wp-content\/uploads\/2025\/02\/476875423_1328927998523364_3391318421186851750_n.jpg\" data-lbwps-width=\"1463\" data-lbwps-height=\"2048\" data-lbwps-srcsmall=\"http:\/\/www.dokaattila.hu\/wp-content\/uploads\/2025\/02\/476875423_1328927998523364_3391318421186851750_n.jpg\"><img loading=\"lazy\" decoding=\"async\" class=\"size-large wp-image-4003 aligncenter\" src=\"http:\/\/www.dokaattila.hu\/wp-content\/uploads\/2025\/02\/476875423_1328927998523364_3391318421186851750_n-732x1024.jpg\" alt=\"\" width=\"640\" height=\"895\" srcset=\"https:\/\/www.dokaattila.hu\/wp-content\/uploads\/2025\/02\/476875423_1328927998523364_3391318421186851750_n-732x1024.jpg 732w, https:\/\/www.dokaattila.hu\/wp-content\/uploads\/2025\/02\/476875423_1328927998523364_3391318421186851750_n-214x300.jpg 214w, https:\/\/www.dokaattila.hu\/wp-content\/uploads\/2025\/02\/476875423_1328927998523364_3391318421186851750_n-768x1075.jpg 768w, https:\/\/www.dokaattila.hu\/wp-content\/uploads\/2025\/02\/476875423_1328927998523364_3391318421186851750_n-1097x1536.jpg 1097w, https:\/\/www.dokaattila.hu\/wp-content\/uploads\/2025\/02\/476875423_1328927998523364_3391318421186851750_n.jpg 1463w\" sizes=\"auto, (max-width: 640px) 100vw, 640px\" \/><\/a><\/p>\n","protected":false},"excerpt":{"rendered":"<p>A Mozdulj! K\u00f6zhaszn\u00fa Egyes\u00fclet szeretettel megh\u00edvja a k\u00f6z\u00f6ns\u00e9get egy k\u00fcl\u00f6nleges, integr\u00e1lt felolvas\u00f3sz\u00ednh\u00e1zi el\u0151ad\u00e1sra \u00e9s a H\u00e9tk\u00f6znapok H\u0151sei d\u00edj\u00e1tad\u00f3ra, amely 2025. febru\u00e1r 16-\u00e1n, vas\u00e1rnap 15 \u00f3r\u00e1t\u00f3l ker\u00fcl megrendez\u00e9sre a Premier KultCaf\u00e9ban. [&hellip;]<\/p>\n","protected":false},"author":1,"featured_media":4004,"comment_status":"closed","ping_status":"closed","sticky":false,"template":"","format":"standard","meta":{"footnotes":""},"categories":[6],"tags":[54,107,531,209,508,532,251,277,324],"class_list":["post-4002","post","type-post","status-publish","format-standard","has-post-thumbnail","hentry","category-news","tag-doka-attila","tag-harza-mark","tag-juhasz-melinfda","tag-mozdulj","tag-orban-borbala","tag-r-karpati-peter","tag-rak-kati","tag-szinhaz","tag-zene"],"_links":{"self":[{"href":"https:\/\/www.dokaattila.hu\/index.php?rest_route=\/wp\/v2\/posts\/4002","targetHints":{"allow":["GET"]}}],"collection":[{"href":"https:\/\/www.dokaattila.hu\/index.php?rest_route=\/wp\/v2\/posts"}],"about":[{"href":"https:\/\/www.dokaattila.hu\/index.php?rest_route=\/wp\/v2\/types\/post"}],"author":[{"embeddable":true,"href":"https:\/\/www.dokaattila.hu\/index.php?rest_route=\/wp\/v2\/users\/1"}],"replies":[{"embeddable":true,"href":"https:\/\/www.dokaattila.hu\/index.php?rest_route=%2Fwp%2Fv2%2Fcomments&post=4002"}],"version-history":[{"count":1,"href":"https:\/\/www.dokaattila.hu\/index.php?rest_route=\/wp\/v2\/posts\/4002\/revisions"}],"predecessor-version":[{"id":4005,"href":"https:\/\/www.dokaattila.hu\/index.php?rest_route=\/wp\/v2\/posts\/4002\/revisions\/4005"}],"wp:featuredmedia":[{"embeddable":true,"href":"https:\/\/www.dokaattila.hu\/index.php?rest_route=\/wp\/v2\/media\/4004"}],"wp:attachment":[{"href":"https:\/\/www.dokaattila.hu\/index.php?rest_route=%2Fwp%2Fv2%2Fmedia&parent=4002"}],"wp:term":[{"taxonomy":"category","embeddable":true,"href":"https:\/\/www.dokaattila.hu\/index.php?rest_route=%2Fwp%2Fv2%2Fcategories&post=4002"},{"taxonomy":"post_tag","embeddable":true,"href":"https:\/\/www.dokaattila.hu\/index.php?rest_route=%2Fwp%2Fv2%2Ftags&post=4002"}],"curies":[{"name":"wp","href":"https:\/\/api.w.org\/{rel}","templated":true}]}}