{"id":3383,"date":"2021-01-22T08:36:13","date_gmt":"2021-01-22T07:36:13","guid":{"rendered":"http:\/\/www.dokaattila.hu\/?p=3383"},"modified":"2021-01-22T15:23:09","modified_gmt":"2021-01-22T14:23:09","slug":"a-magyar-kultura-napja-doka-attila-havas-judit-bacsai-ildiko-a-hatoscsatornan-emlekezik","status":"publish","type":"post","link":"https:\/\/www.dokaattila.hu\/?p=3383","title":{"rendered":"A magyar kult\u00fara napja \u2013 D\u00f3ka Attila, Havas Judit, Bacsa Ildik\u00f3 a hatoscsatorn\u00e1n eml\u00e9kezik"},"content":{"rendered":"<p style=\"text-align: justify;\"><strong>Janu\u00e1r 22-\u00e9n m\u00falt 198 \u00e9ve, hogy K\u00f6lcsey Ferenc meg\u00edrta a himnuszt, a magyar kult\u00fara napj\u00e1t pedig 1989 \u00f3ta \u00fcnnepelj\u00fck meg janu\u00e1r 22-\u00e9n, annak eml\u00e9k\u00e9re, hogy K\u00f6lcsey\u00a0 1823-ban Csek\u00e9n ezen a napon fejezte be \u2013 \u201ca magyar n\u00e9p zivataros sz\u00e1zadaib\u00f3l\u201d vett p\u00e9ld\u00e1kra \u00e9p\u00edtett k\u00f6ltem\u00e9ny\u00e9t, amit egy p\u00e1ly\u00e1zatnak k\u00f6sz\u00f6nhet<\/strong><strong>\u0151<\/strong><strong>en zen\u00e9s\u00edtett meg Erkel Ferenc. A magyar kult\u00far\u00e1r\u00f3l besz\u00e9lget\u00fcnk Havas Judittal, Bacsa Ildik\u00f3val \u00e9s D\u00f3ka Attil\u00e1val.<\/strong><\/p>\n<div id='gallery-1' class='gallery galleryid-3383 gallery-columns-3 gallery-size-thumbnail'><figure class='gallery-item'>\n\t\t\t<div class='gallery-icon landscape'>\n\t\t\t\t<a href='https:\/\/www.dokaattila.hu\/?attachment_id=3386'><img loading=\"lazy\" decoding=\"async\" width=\"150\" height=\"150\" src=\"https:\/\/www.dokaattila.hu\/wp-content\/uploads\/2021\/01\/IMG_8235-200x200.jpg\" class=\"attachment-thumbnail size-thumbnail\" alt=\"\" srcset=\"https:\/\/www.dokaattila.hu\/wp-content\/uploads\/2021\/01\/IMG_8235-200x200.jpg 200w, https:\/\/www.dokaattila.hu\/wp-content\/uploads\/2021\/01\/IMG_8235-208x208.jpg 208w\" sizes=\"auto, (max-width: 150px) 100vw, 150px\" \/><\/a>\n\t\t\t<\/div><\/figure><figure class='gallery-item'>\n\t\t\t<div class='gallery-icon landscape'>\n\t\t\t\t<a href='https:\/\/www.dokaattila.hu\/?attachment_id=3387'><img loading=\"lazy\" decoding=\"async\" width=\"150\" height=\"150\" src=\"https:\/\/www.dokaattila.hu\/wp-content\/uploads\/2021\/01\/IMG_8245-200x200.jpg\" class=\"attachment-thumbnail size-thumbnail\" alt=\"\" srcset=\"https:\/\/www.dokaattila.hu\/wp-content\/uploads\/2021\/01\/IMG_8245-200x200.jpg 200w, https:\/\/www.dokaattila.hu\/wp-content\/uploads\/2021\/01\/IMG_8245-208x208.jpg 208w\" sizes=\"auto, (max-width: 150px) 100vw, 150px\" \/><\/a>\n\t\t\t<\/div><\/figure><figure class='gallery-item'>\n\t\t\t<div class='gallery-icon landscape'>\n\t\t\t\t<a href='https:\/\/www.dokaattila.hu\/?attachment_id=3385'><img loading=\"lazy\" decoding=\"async\" width=\"150\" height=\"150\" src=\"https:\/\/www.dokaattila.hu\/wp-content\/uploads\/2021\/01\/IMG_8231-200x200.jpg\" class=\"attachment-thumbnail size-thumbnail\" alt=\"\" srcset=\"https:\/\/www.dokaattila.hu\/wp-content\/uploads\/2021\/01\/IMG_8231-200x200.jpg 200w, https:\/\/www.dokaattila.hu\/wp-content\/uploads\/2021\/01\/IMG_8231-208x208.jpg 208w\" sizes=\"auto, (max-width: 150px) 100vw, 150px\" \/><\/a>\n\t\t\t<\/div><\/figure><figure class='gallery-item'>\n\t\t\t<div class='gallery-icon landscape'>\n\t\t\t\t<a href='https:\/\/www.dokaattila.hu\/?attachment_id=3384'><img loading=\"lazy\" decoding=\"async\" width=\"150\" height=\"150\" src=\"https:\/\/www.dokaattila.hu\/wp-content\/uploads\/2021\/01\/IMG_8221-200x200.jpg\" class=\"attachment-thumbnail size-thumbnail\" alt=\"\" srcset=\"https:\/\/www.dokaattila.hu\/wp-content\/uploads\/2021\/01\/IMG_8221-200x200.jpg 200w, https:\/\/www.dokaattila.hu\/wp-content\/uploads\/2021\/01\/IMG_8221-208x208.jpg 208w\" sizes=\"auto, (max-width: 150px) 100vw, 150px\" \/><\/a>\n\t\t\t<\/div><\/figure><figure class='gallery-item'>\n\t\t\t<div class='gallery-icon landscape'>\n\t\t\t\t<a href='https:\/\/www.dokaattila.hu\/?attachment_id=3388'><img loading=\"lazy\" decoding=\"async\" width=\"150\" height=\"150\" src=\"https:\/\/www.dokaattila.hu\/wp-content\/uploads\/2021\/01\/zold-200x200.jpg\" class=\"attachment-thumbnail size-thumbnail\" alt=\"\" srcset=\"https:\/\/www.dokaattila.hu\/wp-content\/uploads\/2021\/01\/zold-200x200.jpg 200w, https:\/\/www.dokaattila.hu\/wp-content\/uploads\/2021\/01\/zold-208x208.jpg 208w\" sizes=\"auto, (max-width: 150px) 100vw, 150px\" \/><\/a>\n\t\t\t<\/div><\/figure>\n\t\t<\/div>\n\n<p style=\"text-align: justify;\">Havas Judit irodalomt\u00f6rt\u00e9n\u00e9sz, el\u0151ad\u00f3m\u0171v\u00e9sz, Pilinszky d\u00edj, Radn\u00f3ti d\u00edj, Ady eml\u00e9kplakett tulajdonosa, Ildik\u00f3 Kaposv\u00e1r, Budapest, Szeged sz\u00ednpadai ut\u00e1n D\u00e1ni\u00e1ban szerzett\u00a0 pedag\u00f3gus diplom\u00e1t, Attila pedig \u00e9nekes, zeneszerz\u0151, megzen\u00e9s\u00edtette m\u00e1r J\u00f3zsef Attila, Ady Endre \u00e9s M\u00e1rai S\u00e1ndor verseit is.<\/p>\n<p style=\"text-align: justify;\">Kider\u00fcl, hogy\u00a0 a Himnusz k\u00e9zirata t\u00f6bb mint sz\u00e1z \u00e9vig v\u00e1ndorolt, m\u00edg v\u00e9gre a k\u00e9ziratcsomagot 1946 december\u00e9ben megv\u00e1s\u00e1rolta az Orsz\u00e1gos Sz\u00e9ch\u00e9nyi K\u00f6nyvt\u00e1r.\u00a0 K\u00f6lcsey k\u00e9t lapra \u00edrta a Himnuszt. A mindk\u00e9t lapon l\u00e1tsz\u00f3 s\u00e9r\u00fcl\u00e9s b\u00e1r \u00e9g\u00e9snek l\u00e1tszik nem az,\u00a0 hanem \u00fagynevezett tintamar\u00e1s. Nem K\u00f6lcsey tint\u00e1ja okozhatta, az Orsz\u00e1gos Sz\u00e9ch\u00e9nyi K\u00f6nyvt\u00e1r restaur\u00e1tor szakembereinek v\u00e9lem\u00e9nye szerint k\u00e9s\u0151bb \u00f6ml\u00f6tt\u00a0 savas tinta a pap\u00edr sz\u00e9l\u00e9re. Legyen sz\u00f3 a magyar kult\u00fara napj\u00e1r\u00f3l, a magyar dr\u00e1ma napj\u00e1r\u00f3l, nemzeti \u00fcnnepeinkr\u0151l, az \u00fcnnep l\u00e9nyege mindig az eml\u00e9kez\u00e9s trad\u00edci\u00f3inkra, melyek szellemi , lelki k\u00f6z\u00f6ss\u00e9get teremtenek el\u0151deinkkel.<\/p>\n<div class=\"gallery\" style=\"text-align: justify;\"><\/div>\n<p style=\"text-align: justify;\">Nem soroljuk fel a magyar kult\u00fara valamennyi m\u0171v\u00e9sz\u00e9t, \u00edr\u00f3j\u00e1t, tud\u00f3s\u00e1t, zeneszerz\u0151j\u00e9t, akikre b\u00fcszk\u00e9k lehet\u00fcnk-\u00a0 az eg\u00e9sz m\u0171sorid\u0151 kev\u00e9s lenne r\u00e1-\u00a0 csak n\u00e9h\u00e1nyukat eml\u00edtj\u00fck. Akik sz\u00f3ba ker\u00fclnek: Teller Ede, Bart\u00f3k B\u00e9la,\u00a0 Kod\u00e1ly Zolt\u00e1n, Pilinszky J\u00e1nos, Cseh Tam\u00e1s, We\u00f6res S\u00e1ndor , Szab\u00f3 Magda, Semmelweis Ign\u00e1c, Mad\u00e1ch Imre, Szentgy\u00f6rgyi Albert Nobel d\u00edjas, aki a szegedi egyetemet a tudom\u00e1nyos vil\u00e1g t\u00e9rk\u00e9p\u00e9re emelte. Tavaly m\u00e1rciusban az any\u00e1k megment\u0151jek\u00e9nt ismert vil\u00e1gh\u00edr\u0171 magyar orvos, Semmelweis Ign\u00e1c el\u0151tt tisztelgett a\u00a0 Google. Egy napig\/ 33 milli\u00f3 ember n\u00e9zte meg\/ az internetes keres\u0151 nyit\u00f3lapj\u00e1n l\u00e1that\u00f3 vide\u00f3 bemutatta a budapesti egyetem n\u00e9vad\u00f3j\u00e1hoz k\u00f6thet\u0151 felfedez\u00e9s, a k\u00e9zmos\u00e1s fontoss\u00e1g\u00e1t, ami most is az egyik leghat\u00e9konyabb m\u00f3dszer a koronav\u00edrus megel\u0151z\u00e9s\u00e9ben is.\u00a0 Semmelweis gyermek\u00e1gyi l\u00e1zzal kapcsolatos felfedez\u00e9seinek 1847 \u00e9s 1861 k\u00f6z\u00f6tt nyomtatott form\u00e1ban megjelent dokumentumait 2013-ban az UNESCO a vil\u00e1geml\u00e9kezet r\u00e9sz\u00e9v\u00e9 nyilv\u00e1n\u00edtotta.<\/p>\n<p style=\"text-align: justify;\">Ad\u00e1s id\u0151pontok:<\/p>\n<p style=\"text-align: justify;\">Premier:\u00a0\u00a0 2021.01.22 p\u00e9ntek, 20:00<\/p>\n<ul>\n<li style=\"text-align: justify;\">2021.01.23 szombat, 03:30<\/li>\n<li style=\"text-align: justify;\">2021.01.24 vas\u00e1rnap, 18:00<\/li>\n<li style=\"text-align: justify;\">2021.01.25 h\u00e9tf\u0151, 16:00<\/li>\n<li style=\"text-align: justify;\">2021.01.27 szerda, 13:00<\/li>\n<\/ul>\n","protected":false},"excerpt":{"rendered":"<p>Janu\u00e1r 22-\u00e9n m\u00falt 198 \u00e9ve, hogy K\u00f6lcsey Ferenc meg\u00edrta a himnuszt, a magyar kult\u00fara napj\u00e1t pedig 1989 \u00f3ta \u00fcnnepelj\u00fck meg janu\u00e1r 22-\u00e9n, annak eml\u00e9k\u00e9re, hogy K\u00f6lcsey\u00a0 1823-ban Csek\u00e9n ezen a [&hellip;]<\/p>\n","protected":false},"author":1,"featured_media":3387,"comment_status":"closed","ping_status":"closed","sticky":false,"template":"","format":"standard","meta":{"footnotes":""},"categories":[6],"tags":[27,43,109,161,186,243,263,270,273,289,316],"class_list":["post-3383","post","type-post","status-publish","format-standard","has-post-thumbnail","hentry","category-news","tag-bartok-bela","tag-cseh-tamas","tag-hatoscsatorna","tag-kodaly-zoltan","tag-madach-imre","tag-pilinszky-janos","tag-semmelweis-ignac","tag-szabo-magda","tag-szentgyorgyi-albert-nobel","tag-teller-ede","tag-weores-sandor"],"_links":{"self":[{"href":"https:\/\/www.dokaattila.hu\/index.php?rest_route=\/wp\/v2\/posts\/3383","targetHints":{"allow":["GET"]}}],"collection":[{"href":"https:\/\/www.dokaattila.hu\/index.php?rest_route=\/wp\/v2\/posts"}],"about":[{"href":"https:\/\/www.dokaattila.hu\/index.php?rest_route=\/wp\/v2\/types\/post"}],"author":[{"embeddable":true,"href":"https:\/\/www.dokaattila.hu\/index.php?rest_route=\/wp\/v2\/users\/1"}],"replies":[{"embeddable":true,"href":"https:\/\/www.dokaattila.hu\/index.php?rest_route=%2Fwp%2Fv2%2Fcomments&post=3383"}],"version-history":[{"count":2,"href":"https:\/\/www.dokaattila.hu\/index.php?rest_route=\/wp\/v2\/posts\/3383\/revisions"}],"predecessor-version":[{"id":3390,"href":"https:\/\/www.dokaattila.hu\/index.php?rest_route=\/wp\/v2\/posts\/3383\/revisions\/3390"}],"wp:featuredmedia":[{"embeddable":true,"href":"https:\/\/www.dokaattila.hu\/index.php?rest_route=\/wp\/v2\/media\/3387"}],"wp:attachment":[{"href":"https:\/\/www.dokaattila.hu\/index.php?rest_route=%2Fwp%2Fv2%2Fmedia&parent=3383"}],"wp:term":[{"taxonomy":"category","embeddable":true,"href":"https:\/\/www.dokaattila.hu\/index.php?rest_route=%2Fwp%2Fv2%2Fcategories&post=3383"},{"taxonomy":"post_tag","embeddable":true,"href":"https:\/\/www.dokaattila.hu\/index.php?rest_route=%2Fwp%2Fv2%2Ftags&post=3383"}],"curies":[{"name":"wp","href":"https:\/\/api.w.org\/{rel}","templated":true}]}}