{"id":3257,"date":"2020-01-03T07:16:18","date_gmt":"2020-01-03T06:16:18","guid":{"rendered":"http:\/\/www.dokaattila.hu\/?p=3257"},"modified":"2020-01-03T07:16:18","modified_gmt":"2020-01-03T06:16:18","slug":"kialszik-a-csillagom-livegyal","status":"publish","type":"post","link":"https:\/\/www.dokaattila.hu\/?p=3257","title":{"rendered":"Kialszik a csillagom-Live@Gy\u00e1l"},"content":{"rendered":"<p>&nbsp;<\/p>\n<p>&nbsp;<\/p>\n<p><iframe loading=\"lazy\" title=\"Kialszik a csillagom-Live@Gy\u00e1l\" width=\"1170\" height=\"658\" src=\"https:\/\/www.youtube.com\/embed\/WxvCKsGtoZU?feature=oembed\" frameborder=\"0\" allow=\"accelerometer; autoplay; clipboard-write; encrypted-media; gyroscope; picture-in-picture; web-share\" referrerpolicy=\"strict-origin-when-cross-origin\" allowfullscreen><\/iframe><\/p>\n<p>D\u00f3ka Attila- \u00e9nek, git\u00e1r<\/p>\n<p>Nagy Edit- fuvola<\/p>\n<p>Fodor Reka- cajon<\/p>\n<p>K\u00f6zrem\u0171k\u00f6d\u00f6tt az Anima Von\u00f3sn\u00e9gyes\/Anima Group (G\u00e1bor So\u00f3s, Krajnik \u00c1goston, Kalapos-Homoki Anna, Bence Blaskovics).<\/p>\n<p>F\u00e9nyk\u00e9pezte- N\u00e1das D\u00e1vid \u00e9s csapata<\/p>\n<p>Helysz\u00edn- Gy\u00e1l,Arany J\u00e1nos K\u00f6z\u00f6ss\u00e9gi H\u00e1z \u00e9s V\u00e1rosi K\u00f6nyvt\u00e1r<\/p>\n<p>2019<\/p>\n","protected":false},"excerpt":{"rendered":"<p>&nbsp; &nbsp; D\u00f3ka Attila- \u00e9nek, git\u00e1r Nagy Edit- fuvola Fodor Reka- cajon K\u00f6zrem\u0171k\u00f6d\u00f6tt az Anima Von\u00f3sn\u00e9gyes\/Anima Group (G\u00e1bor So\u00f3s, Krajnik \u00c1goston, Kalapos-Homoki Anna, Bence Blaskovics). F\u00e9nyk\u00e9pezte- N\u00e1das D\u00e1vid \u00e9s csapata [&hellip;]<\/p>\n","protected":false},"author":1,"featured_media":3259,"comment_status":"closed","ping_status":"closed","sticky":false,"template":"","format":"standard","meta":{"footnotes":""},"categories":[6],"tags":[12,54,88,100,215],"class_list":["post-3257","post","type-post","status-publish","format-standard","has-post-thumbnail","hentry","category-news","tag-anima","tag-doka-attila","tag-fodor-reka","tag-gyal","tag-nadas-david"],"_links":{"self":[{"href":"https:\/\/www.dokaattila.hu\/index.php?rest_route=\/wp\/v2\/posts\/3257","targetHints":{"allow":["GET"]}}],"collection":[{"href":"https:\/\/www.dokaattila.hu\/index.php?rest_route=\/wp\/v2\/posts"}],"about":[{"href":"https:\/\/www.dokaattila.hu\/index.php?rest_route=\/wp\/v2\/types\/post"}],"author":[{"embeddable":true,"href":"https:\/\/www.dokaattila.hu\/index.php?rest_route=\/wp\/v2\/users\/1"}],"replies":[{"embeddable":true,"href":"https:\/\/www.dokaattila.hu\/index.php?rest_route=%2Fwp%2Fv2%2Fcomments&post=3257"}],"version-history":[{"count":1,"href":"https:\/\/www.dokaattila.hu\/index.php?rest_route=\/wp\/v2\/posts\/3257\/revisions"}],"predecessor-version":[{"id":3260,"href":"https:\/\/www.dokaattila.hu\/index.php?rest_route=\/wp\/v2\/posts\/3257\/revisions\/3260"}],"wp:featuredmedia":[{"embeddable":true,"href":"https:\/\/www.dokaattila.hu\/index.php?rest_route=\/wp\/v2\/media\/3259"}],"wp:attachment":[{"href":"https:\/\/www.dokaattila.hu\/index.php?rest_route=%2Fwp%2Fv2%2Fmedia&parent=3257"}],"wp:term":[{"taxonomy":"category","embeddable":true,"href":"https:\/\/www.dokaattila.hu\/index.php?rest_route=%2Fwp%2Fv2%2Fcategories&post=3257"},{"taxonomy":"post_tag","embeddable":true,"href":"https:\/\/www.dokaattila.hu\/index.php?rest_route=%2Fwp%2Fv2%2Ftags&post=3257"}],"curies":[{"name":"wp","href":"https:\/\/api.w.org\/{rel}","templated":true}]}}