{"id":2810,"date":"2018-07-27T17:25:12","date_gmt":"2018-07-27T16:25:12","guid":{"rendered":"http:\/\/www.dokaattila.hu\/?p=2810"},"modified":"2018-07-27T17:25:12","modified_gmt":"2018-07-27T16:25:12","slug":"egyre-nepszerubb-a-mozdulj-tandemtura","status":"publish","type":"post","link":"https:\/\/www.dokaattila.hu\/?p=2810","title":{"rendered":"Egyre n\u00e9pszer\u0171bb a Mozdulj! Tandemt\u00fara"},"content":{"rendered":"<p style=\"text-align: justify;\"><strong>Id\u00e9n augusztus 15-\u00e9n indul az a tandemker\u00e9kp\u00e1ros t\u00fara, amelyen a Mozdulj! K\u00f6zhaszn\u00fa Egyes\u00fclet szervez\u00e9s\u00e9ben, sportol\u00f3k, m\u0171v\u00e9szek, k\u00f6z\u00e9leti szem\u00e9lyis\u00e9gek \u00e9s s\u00e9r\u00fclt emberek egy\u00fcttes er\u0151vel ker\u00fclik meg a Balatont. Az \u00f6t napon \u00e1t tart\u00f3 k\u00f6z\u00f6s harc az id\u0151vel \u00e9s a kilom\u00e9terekkel nemcsak a k\u00fczdelemr\u0151l \u00e9s az akarater\u0151r\u0151l sz\u00f3l. Hogy mir\u0151l m\u00e9g, azt az esem\u00e9ny sajt\u00f3t\u00e1j\u00e9koztat\u00f3j\u00e1n (Millen\u00e1ris, Makad\u00e1m M\u00e9rn\u00f6k Klub)\u00a0megjelentek fogalmazt\u00e1k meg.<\/strong><\/p>\n<p style=\"text-align: justify;\"><strong><a href=\"http:\/\/www.dokaattila.hu\/wp-content\/uploads\/2018\/07\/mozdulj_180724_1120_DSC_0193.jpg\" data-lbwps-width=\"2448\" data-lbwps-height=\"1634\" data-lbwps-srcsmall=\"http:\/\/www.dokaattila.hu\/wp-content\/uploads\/2018\/07\/mozdulj_180724_1120_DSC_0193.jpg\"><img loading=\"lazy\" decoding=\"async\" class=\"aligncenter size-large wp-image-2814\" src=\"http:\/\/www.dokaattila.hu\/wp-content\/uploads\/2018\/07\/mozdulj_180724_1120_DSC_0193-1024x684.jpg\" alt=\"mozdulj_180724_1120_DSC_0193\" width=\"640\" height=\"428\" srcset=\"https:\/\/www.dokaattila.hu\/wp-content\/uploads\/2018\/07\/mozdulj_180724_1120_DSC_0193-1024x684.jpg 1024w, https:\/\/www.dokaattila.hu\/wp-content\/uploads\/2018\/07\/mozdulj_180724_1120_DSC_0193-300x200.jpg 300w\" sizes=\"auto, (max-width: 640px) 100vw, 640px\" \/><\/a>\u00a0<\/strong><\/p>\n<p style=\"text-align: justify;\"><strong>K\u00e1r\u00e1sz R\u00f3bert m\u0171sorvezet\u0151, a Fogadj \u00f6r\u00f6kbe egy macit!<\/strong> egyik alap\u00edt\u00f3tagja: Egy id\u00e9z\u0151jeles t\u00far\u00e1t mindennap \u00e1t\u00e9lek, mert a mi k\u00e1v\u00e9z\u00f3nkban t\u00edz fogyat\u00e9koss\u00e1ggal \u00e9l\u0151 ember dolgozik. Vannak \u00e9rtelmi s\u00e9r\u00fcltek, Down szindr\u00f3m\u00e1sok, autist\u00e1k \u00e9s l\u00e1t\u00e1ss\u00e9r\u00fcltek. Mindenkit arra buzd\u00edtok, hogy tegy\u00fcnk \u00e9rt\u00fck valamit. Mi nem elmegy\u00fcnk valahov\u00e1, ahol lefot\u00f3znak, hanem elmegy\u00fcnk \u00e9s seg\u00edt\u00fcnk. Tekerj\u00fck a biciklit, felszolg\u00e1lunk, valamit produk\u00e1lunk annak \u00e9rdek\u00e9ben, hogy az integr\u00e1ci\u00f3 a sz\u00f3 szoros \u00e9rtelm\u00e9ben megval\u00f3suljon. Aki j\u00e1rt m\u00e1r a k\u00e1v\u00e9z\u00f3nkban, az tudja, hogy n\u00e1lunk egy\u00fctt dolgoznak a fogyat\u00e9koss\u00e1ggal \u00e9l\u0151k \u00e9s a nem fogyat\u00e9koss\u00e1ggal \u00e9l\u0151k. A legjobb dolgoz\u00f3ink a fogyat\u00e9koss\u00e1ggal \u00e9l\u0151k! \u00c9n m\u00e9g ilyen norm\u00e1lis emberekkel \u00e9letemben nem dolgoztam, pedig egy p\u00e1r helyen m\u00e1r megfordultam. Nem csak az al\u00e1zat, hanem a szeretet, a boldogs\u00e1g, hogy valamit kapnak t\u0151l\u00fcnk, hogy munk\u00e1t adunk sz\u00e1mukra, ez sz\u00e1rnyakat ad nekik. A l\u00e1t\u00e1ss\u00e9r\u00fcltek ugyanezt az \u00e9lm\u00e9nyt fogj\u00e1k \u00e1t\u00e9lni ezen a t\u00far\u00e1n. Minket pedig megtan\u00edtanak arra, hogy nem alakoskodhatunk, nem mism\u00e1solhatunk, nem kamuzhatunk. Mindig \u0151szint\u00e9nek kell lenni, a cselekv\u00e9seddel a gondolatoddal, a v\u00e1laszaiddal. Nem lehet nekik b\u00e1rmit mondani. Minden egyes pillatanban sz\u00edvbemarkol\u00f3an \u0151szint\u00e9nek kell lenni, \u00e9s ez t\u00f6k j\u00f3 tanul\u00e1si folyamat.<\/p>\n<p><iframe loading=\"lazy\" title=\"Mozdulj! Sebess\u00e9g!\" width=\"1170\" height=\"658\" src=\"https:\/\/www.youtube.com\/embed\/GrfcCpknsxg?feature=oembed\" frameborder=\"0\" allow=\"accelerometer; autoplay; clipboard-write; encrypted-media; gyroscope; picture-in-picture; web-share\" referrerpolicy=\"strict-origin-when-cross-origin\" allowfullscreen><\/iframe><\/p>\n<p style=\"text-align: justify;\"><strong>Feil D\u00f3ra, l\u00e1t\u00e1ss\u00e9r\u00fclt \u00e9nekes:<\/strong> Az ide\u00e1lis c\u00e9l a term\u00e9szetes emberi kapcsolat lenne a fogyat\u00e9kkal \u00e9l\u0151k \u00e9s az \u00e9pek k\u00f6z\u00f6tt. Paksi vagyok. Gyeng\u00e9nl\u00e1t\u00f3k\u00e9nt ott nevelkedtem. Norm\u00e1l suliba j\u00e1rtam, l\u00e1t\u00f3k k\u00f6z\u00f6tt n\u0151ttem fel. Amikor jelentkeztem a t\u00far\u00e1ra, kicsit tartottam t\u0151le. Sz\u00e1momra nyomaszt\u00f3, amikor az \u00e9pek f\u00e9lnek, mert nem tudj\u00e1k, mit csin\u00e1ljanak, mit ne, hogyan seg\u00edtsenek. \u00daristen, nem ismerek senkit, vajon mi lesz? Sajn\u00e1ljuk egym\u00e1st, a t\u00f6bbiek sajn\u00e1lnak minket, \u00e9s az \u00f6t nap s\u00edr\u00e1ssal telik el, hogy milyen rossz nek\u00fcnk, pedig \u00e9n nem \u00edgy nevelkedtem, \u00e9n enn\u00e9l pozit\u00edvabb szem\u00e9lyis\u00e9g vagyok. Azt\u00e1n elj\u00f6ttem \u00e9s nagyon megszerettem az eg\u00e9sz csapatot. A Mozdulj!-n\u00e1l m\u00e1r megvan ez a term\u00e9szetes emberi kapcsolat. Nem akarnak t\u00falseg\u00edteni. Hagyj\u00e1k az embert a maga \u00fatj\u00e1n menni, \u00e1m folyamatosan r\u00e9sen vannak, mert amikor sz\u00fcks\u00e9g van r\u00e1juk, mindig ott vannak.<\/p>\n<p style=\"text-align: justify;\"><strong>R.K\u00e1rp\u00e1ti P\u00e9ter sz\u00edn\u00e9sz:<\/strong> Az utca embere att\u00f3l f\u00e9l, hogy t\u00falseg\u00edtenek a s\u00e9r\u00fclt embereknek. Ezzel azt a benyom\u00e1st kelthetik, hogy tudatos\u00edtj\u00e1k a s\u00e9r\u00fcltek alapprobl\u00e9m\u00e1j\u00e1t. Ez\u00e9rt ink\u00e1bb visszah\u00faz\u00f3dnak. Akkor pedig azt mondhatj\u00e1k r\u00f3luk, hogy nem seg\u00edt\u0151k\u00e9szek. Nagyon sok mozg\u00e1ss\u00e9r\u00fclt ismer\u0151s\u00f6m van. Mikor egy\u00fctt vagyunk, akkor ugyan\u00fagy vagyok vel\u00fck, mint b\u00e1rki m\u00e1s embert\u00e1rsammal. Az a tapasztalatom, hogy \u0151k mindig minden \u00e9p emberrel pontosan ezt szeretn\u00e9k. A sport hasznoss\u00e1ga vitathatatlan, de azt gondolom, hogy a m\u0171v\u00e9szi r\u00e9sz\u00e9t is \u00e1ll\u00edtsuk a sport mell\u00e9! A sport mellett a m\u0171v\u00e9szet is, mint kinyilatkoztat\u00e1s (\u00e9nek, vers, festm\u00e9ny) hordozza mag\u00e1ban az \u00f6nmegmutat\u00e1s j\u00f3 \u00e9rz\u00e9s\u00e9t.<\/p>\n<p style=\"text-align: justify;\"><strong>Herczeg Zolt\u00e1n, divattervez\u0151:<\/strong> Egy eg\u00e9szs\u00e9ges ember nem is tudja, hogy milyen kincs van a kez\u00e9ben azzal, hogy eg\u00e9szs\u00e9ges. Ha kipr\u00f3b\u00e1lunk egy napot \u00fagy, hogy reggel bek\u00f6t\u00f6tt szemmel megy\u00fcnk v\u00e9gig a napi rutinunkon, akkor r\u00e1j\u00f6v\u00fcnk arra, hogy milyen nagy dolog a l\u00e1t\u00e1s, a hall\u00e1s, ha van kezem \u00e9s van l\u00e1bam. M\u00e9gsem gondoln\u00e1m, hogy a fogyat\u00e9kkal \u00e9l\u0151k es\u00e9lytelenebbek. Ha valakit\u0151l Isten elvett valamit, akkor a m\u00e1sik fronton t\u00edzszer annyit adott neki vissza. A szeretet az, amit \u0151k sokkal jobban tudnak gyakorolni. Ezzel p\u00f3tolj\u00e1k fel\u00e9nk \u00e9s egym\u00e1s fel\u00e9 azt, hogy hi\u00e1nyt szenvednek valamiben. Nem gondoln\u00e1m, hogy betegnek k\u00e9ne lenni ahhoz vagy fogyat\u00e9kosnak, hogy szolid\u00e1risak legy\u00fcnk egym\u00e1ssal. Az eg\u00e9szs\u00e9gesnek az eg\u00e9szs\u00e9gest is t\u00e1mogatnia kellene. A beteg a beteget is t\u00e1mogathatja. Az eg\u00e9szs\u00e9ges a beteget \u00e9s a beteg az eg\u00e9szs\u00e9gest. Ez egy alapvet\u0151 emberi \u00e9rt\u00e9k \u00e9s \u00e9rdek. Innent\u0151l kezdve nincs beteg \u00e9s eg\u00e9szs\u00e9ges, csak ember van \u00e9s Isten, a szeretet.<\/p>\n<p style=\"text-align: justify;\"><strong>Bal\u00e1zs Zsolt, mozg\u00e1ss\u00e9r\u00fclt \u00e9nekes<\/strong>: N\u00e1lam olyan betegs\u00e9get diagnosztiz\u00e1ltak, ami az izmok ellen dolgozik. Izomsorvad\u00e1s. Ha megszakadok, akkor sem tudok nagyobb s\u00falyt felemelni, de ennek ellen\u00e9re megyek a konditerembe minden nap a munkahelyemen, \u00e9s nyomom. A kigy\u00fart emberk\u00e9k lesnek \u00e9s elismerik. Nem baj, hogy kis s\u00fallyal, de nyomod \u2013 ezt mondj\u00e1k. Vid\u00e9ken nem mehettem konditerembe, mert ott kir\u00f6h\u00f6gtek. \u00d6t \u00e9ve Pestre j\u00f6ttem, hogy v\u00e9gigmehessek \u00fagy az utc\u00e1n, hogy ne r\u00f6h\u00f6gjenek ki egy forgalmas buszp\u00e1lyaudvaron vagy egy pl\u00e1z\u00e1ban. Vid\u00e9ken sajnos harminch\u00e1rom \u00e9ves koromig ez nem siker\u00fclt. Mindenhol csak megal\u00e1ztat\u00e1st, kig\u00fanyol\u00e1st, lebuziz\u00e1st kaptam. Ez\u00e9rt el is hagytam az orsz\u00e1got. A kisv\u00e1rosi embert a sz\u00fcl\u0151k \u00fagy nevelik, hogy hagyd \u0151t b\u00e9k\u00e9n, menj el onnan! Van egyfajta rosszm\u00e1j\u00fa viselked\u00e9s. Egy vid\u00e9ki ember nem l\u00e1t annyi tol\u00f3sz\u00e9kest, nem l\u00e1t s\u00e9r\u00fclt embereket, lilahaj\u00fa fiatalokat, f\u00e9lmeztelen n\u0151ket sem az utc\u00e1n, mint Budapesten vagy hasonl\u00f3 nagyv\u00e1rosokban. Elmentem Angli\u00e1ba. Ott tapasztaltam meg az elfogad\u00e1st, amit addig soha \u00e9letemben. Mosolyogtak r\u00e1m az utc\u00e1n, a hivatalban rohantak oda seg\u00edteni, vagy hozt\u00e1k a liftet. Magyarorsz\u00e1gon a kommunizmus \u00e1tk\u00e1t nem lehet letagadni. Azt akarom, hogy ha ki\u00e1llok a sz\u00ednpadra \u00e9nekelni, zongor\u00e1zni, git\u00e1rozni, harson\u00e1zni, ne nevessenek ki. Istennek h\u00e1la, nagy szt\u00e1rokkal l\u00e9phettem fel az elm\u00falt \u00e9vben Magyarorsz\u00e1gon. Pr\u00f3b\u00e1lom er\u0151s\u00edteni ezt a vonalat. J\u00f3 lenne, ha egy rokkant ember is a v\u00e9gzetts\u00e9g\u00e9hez m\u00e9lt\u00f3an \u2013 m\u00e9rn\u00f6ki diplom\u00e1m van, t\u00f6bb nyelven besz\u00e9lek \u2013 kapna munk\u00e1t. Engem egy multinacion\u00e1lis c\u00e9g, ahol h\u00fasz-harminc orsz\u00e1g \u00e1llampolg\u00e1rai dolgoznak, fogadott be, \u00e9s fizet meg j\u00f3l.<\/p>\n<p style=\"text-align: justify;\"><strong>D\u00f3ka Attila, \u00e9nekes, dalszerz\u0151:<\/strong> Nemr\u00e9g duettet \u00e9nekeltem egy mozg\u00e1ss\u00e9r\u00fclt h\u00f6lggyel, Ivanova Daniell\u00e1val. Ez volt az els\u0151 alkalom, hogy konkr\u00e9tan duettet \u00e9nekeltem, nem csak egy\u00fctt szerepeltem egy \u00e9nekes koll\u00e9g\u00e1val a sz\u00ednpadon. Ilyenkor nagyon sok minden megfogalmaz\u00f3dik az emberben, t\u00f6bbek k\u00f6z\u00f6tt az, hogy mennyire nincs jelent\u0151s\u00e9ge annak, hogy a duett tagjai k\u00f6z\u00fcl az egyik mozg\u00e1ss\u00e9r\u00fclt. Annak van jelent\u0151s\u00e9ge, hogy kiben mi lakozik, milyen a lelke, ki milyen ember, ki mennyire tehets\u00e9ges. Amikor \u00e9nekelt\u00fcnk, akkor megsz\u0171nt minden gond, megsz\u0171nt, hogy \u0151 kerekessz\u00e9kes. Egyszer\u0171en elt\u0171ntek a fizikai probl\u00e9m\u00e1k. A m\u0171v\u00e9szetek megteremtik a lehet\u0151s\u00e9g\u00e9t annak, hogy elt\u0171njenek a fogyat\u00e9kos \u00e9s az \u00e9p emberek k\u00f6z\u00f6tti k\u00fcl\u00f6nbs\u00e9gek. A l\u00e9nyeg marad meg: l\u00e1tjuk egym\u00e1s lelk\u00e9t, l\u00e1tjuk azt, ami legbel\u00fcl van, \u00e9s nem akadunk fenn a k\u00fcls\u0151s\u00e9geken.<\/p>\n<p>&nbsp;<\/p>\n<p><strong>Jung Andrea, zen\u00e9sz, \u00e9nekes:<\/strong> Kaptam egy nagyon megtisztel\u0151 felk\u00e9r\u00e9st, hogy zen\u00e9szk\u00e9nt legyek itt. A besz\u00e9lget\u00e9s elej\u00e9n kezdtem az es\u00e9lyegyenl\u0151s\u00e9gr\u0151l gondolkodni. Akkor d\u00f6bbentem r\u00e1, hogy \u00e9rintve vagyok. Augusztusban lesz huszon\u00f6t \u00e9ve, hogy az \u00e9desany\u00e1mmal t\u00f6rt\u00e9nt egy s\u00falyos baleset, amiben elvesztette az egyik v\u00e9gtagj\u00e1t. Ez teljesen megv\u00e1ltoztatta az \u00e9let\u00e9t, \u00e9s kihat\u00e1ssal volt az \u00e9n \u00e9letemre is. Most jutott csak eszembe: annyira \u00fagy \u00e9lj\u00fck az \u00e9let\u00fcnket, hogy ez nekem meg sem fordult a fejemben, hogy \u0151 fogyat\u00e9kkal \u00e9l\u0151 lenne. A maga \u00f6r\u00f6m\u00e9re elkezdett festeni, \u00e9s \u00f3ri\u00e1si fordulatot vett az \u00e9lete. Kider\u00fclt, hogy olyan elk\u00e9peszt\u0151en tehets\u00e9ges, hogy sorra v\u00e1s\u00e1rolj\u00e1k meg a festm\u00e9nyeit. A balesete \u00f3ta j\u00f3g\u00e1zik, biciklizik, \u00e9s a csal\u00e1di programokban ugyan\u00fagy r\u00e9szt vesz, a feladatokb\u00f3l ugyan\u00fagy kiveszi a r\u00e9sz\u00e9t, mint kor\u00e1bban. \u0150 olyat tud adni, ami bennem nincs, \u00e9s \u00e9n tal\u00e1n tudok neki seg\u00edteni n\u00e9h\u00e1ny apr\u00f3s\u00e1gban. \u00dagy viseli a mindennapokat, hogy nem venni \u00e9szre a fogyat\u00e9koss\u00e1g\u00e1t. Ment\u00fcnk a v\u00e1rosban \u2013 Egerben -, tal\u00e1lkoztunk ismer\u0151s\u00f6kkel, dolgokat int\u00e9zt\u00fcnk \u00e9s nem vettek \u00e9szre semmit \u00e9desany\u00e1mon. Nem tudt\u00e1k, nem halottak a balesetr\u0151l, csak ut\u00e1na d\u00f6bbentek r\u00e1, amikor elb\u00facs\u00faztunk, hogy hi\u00e1nyzik az egyik karja. \u00c9desany\u00e1m a legnagyobb p\u00e9ldak\u00e9pem.<\/p>\n<p style=\"text-align: justify;\"><strong>Mad\u00e1r Veronika, sz\u00edn\u00e9szn\u0151:<\/strong> \u00d6r\u00fcl\u00f6k, hogy ez a mozgalom, misszi\u00f3 olyan embereket vonz maga k\u00f6r\u00e9, akiket seg\u00edt\u0151 sz\u00e1nd\u00e9k vezet. Amikor a Mozdulj! els\u0151 rendezv\u00e9ny\u00e9re megh\u00edv\u00e1st kaptam, akkor m\u00e9g nem volt ez ennyire ismert, nagyon kevesen csatlakoztak. Annak is \u00f6r\u00fcl\u00f6k, hogy az elm\u00falt \u00e9vekben nem m\u00e9diabety\u00e1rok csap\u00f3dtak hozz\u00e1nk, hanem t\u00e9nyleg olyan emberek, akik szint\u00e9n seg\u00edt\u0151 sz\u00e1nd\u00e9kkal v\u00e9gzik a munk\u00e1jukat. \u00c9l a csal\u00e1dunkban valaki, aki h\u00e9t \u00e9vvel ezel\u0151tt, betegs\u00e9g folyt\u00e1n vesz\u00edtette el az egyik v\u00e9gtagj\u00e1t. Nemcsak az emberi m\u00e9lt\u00f3s\u00e1g, hanem az emberi tart\u00e1s is nagyon fontos volt sz\u00e1m\u00e1ra, hogy talpra tudjon \u00e1llni. L\u00e1ttam a lelki \u00e9s a fizikai v\u00edv\u00f3d\u00e1s\u00e1t saj\u00e1t mag\u00e1val \u00e9s a k\u00f6rnyezet\u00e9vel szemben is. \u0150 m\u00e1r j\u00f3csk\u00e1n hatvan esztend\u0151s elm\u00falt. Nagyon pozit\u00edv dolgokat l\u00e1ttam Budakeszin, a rehabon is. Ak\u00e1r egy sz\u00e1lloda, ak\u00e1r egy fagylaltoz\u00f3, \u00e9n mindenhol csak a j\u00f3t tapasztalom. Lehet, hogy nek\u00fcnk szerencs\u00e9nk van. T\u00e9nyleg mindenki seg\u00edt\u0151k\u00e9sz. Ha egy olyan aut\u00f3busz \u00e9rkezik, amely nem mozg\u00e1skorl\u00e1tozottaknak van kital\u00e1lva, nagyon seg\u00edt\u0151k\u00e9sz mindig a sof\u0151r \u00e9s az utasok is. Az elm\u00falt p\u00e1r esztend\u0151 azt igazolja, hogy a szeml\u00e9let \u00e9s a lelk\u00fclet is kezd v\u00e1ltozni nemcsak ebben a kis k\u00f6rben. Rem\u00e9ny van r\u00e1, hogy ez \u00e1talak\u00edtja az embereket. Ha ez \u00edgy marad, akkor mindannyiunknak szebb \u00e9lete lesz.<\/p>\n<p><iframe loading=\"lazy\" title=\"Cs\u0151tes\u00f3k\" width=\"1170\" height=\"658\" src=\"https:\/\/www.youtube.com\/embed\/5CBgKlqjj3A?feature=oembed\" frameborder=\"0\" allow=\"accelerometer; autoplay; clipboard-write; encrypted-media; gyroscope; picture-in-picture; web-share\" referrerpolicy=\"strict-origin-when-cross-origin\" allowfullscreen><\/iframe><\/p>\n<p style=\"text-align: justify;\">A besz\u00e9lget\u00e9s ut\u00e1n D\u00f3ka Attila felolvasta testv\u00e9re, D\u00f3ka P\u00e9ter \u00edr\u00f3 mes\u00e9j\u00e9t, aki egy olyan t\u00f6rt\u00e9netfolyamnak a bevezet\u0151j\u00e9t k\u00e9sz\u00edtette el, amelynek a k\u00f6vetkez\u0151 epiz\u00f3djait a t\u00fara tagjai k\u00f6z\u00f6sen \u00edrj\u00e1k tov\u00e1bb. Ezt k\u00f6vet\u0151en egy remek alkalmi t\u00e1rsul\u00e1s el\u0151ad\u00e1s\u00e1ban elhangzott D\u00f3ka Attila szerzem\u00e9nye, a Sebess\u00e9g c\u00edm\u0171 dal, amely a tandemt\u00fara himnusza. V\u00e9g\u00fcl k\u00f6z\u00f6s tandemez\u00e9s k\u00f6vetkezett, s\u0151t az esem\u00e9ny r\u00e9szvev\u0151i megalkott\u00e1k a v\u00e9gtelen\u00edtett biciklil\u00e1ncot, ami a Mozdulj! rekordk\u00eds\u00e9rlet\u00e9nek els\u0151 l\u00e9p\u00e9se volt. A rekordk\u00eds\u00e9rletet az egyes\u00fclet tagjai augusztus 19-\u00e9n, Fony\u00f3don fogj\u00e1k, rem\u00e9lj\u00fck sikeresen, folytatni.<\/p>\n<p>&nbsp;<\/p>\n<p>Horv\u00e1th G\u00e1bor Mikl\u00f3s<\/p>\n","protected":false},"excerpt":{"rendered":"<p>Id\u00e9n augusztus 15-\u00e9n indul az a tandemker\u00e9kp\u00e1ros t\u00fara, amelyen a Mozdulj! K\u00f6zhaszn\u00fa Egyes\u00fclet szervez\u00e9s\u00e9ben, sportol\u00f3k, m\u0171v\u00e9szek, k\u00f6z\u00e9leti szem\u00e9lyis\u00e9gek \u00e9s s\u00e9r\u00fclt emberek egy\u00fcttes er\u0151vel ker\u00fclik meg a Balatont. Az \u00f6t napon [&hellip;]<\/p>\n","protected":false},"author":1,"featured_media":2811,"comment_status":"closed","ping_status":"closed","sticky":false,"template":"","format":"standard","meta":{"footnotes":""},"categories":[5,6],"tags":[54,76,134,136,142,193,205,209],"class_list":["post-2810","post","type-post","status-publish","format-standard","has-post-thumbnail","hentry","category-gallery","category-news","tag-doka-attila","tag-feil-dora","tag-juhasz-melinda","tag-jung-andrea","tag-karasz-robert","tag-makadam-mernok-klub","tag-millenaris","tag-mozdulj"],"_links":{"self":[{"href":"https:\/\/www.dokaattila.hu\/index.php?rest_route=\/wp\/v2\/posts\/2810","targetHints":{"allow":["GET"]}}],"collection":[{"href":"https:\/\/www.dokaattila.hu\/index.php?rest_route=\/wp\/v2\/posts"}],"about":[{"href":"https:\/\/www.dokaattila.hu\/index.php?rest_route=\/wp\/v2\/types\/post"}],"author":[{"embeddable":true,"href":"https:\/\/www.dokaattila.hu\/index.php?rest_route=\/wp\/v2\/users\/1"}],"replies":[{"embeddable":true,"href":"https:\/\/www.dokaattila.hu\/index.php?rest_route=%2Fwp%2Fv2%2Fcomments&post=2810"}],"version-history":[{"count":1,"href":"https:\/\/www.dokaattila.hu\/index.php?rest_route=\/wp\/v2\/posts\/2810\/revisions"}],"predecessor-version":[{"id":2815,"href":"https:\/\/www.dokaattila.hu\/index.php?rest_route=\/wp\/v2\/posts\/2810\/revisions\/2815"}],"wp:featuredmedia":[{"embeddable":true,"href":"https:\/\/www.dokaattila.hu\/index.php?rest_route=\/wp\/v2\/media\/2811"}],"wp:attachment":[{"href":"https:\/\/www.dokaattila.hu\/index.php?rest_route=%2Fwp%2Fv2%2Fmedia&parent=2810"}],"wp:term":[{"taxonomy":"category","embeddable":true,"href":"https:\/\/www.dokaattila.hu\/index.php?rest_route=%2Fwp%2Fv2%2Fcategories&post=2810"},{"taxonomy":"post_tag","embeddable":true,"href":"https:\/\/www.dokaattila.hu\/index.php?rest_route=%2Fwp%2Fv2%2Ftags&post=2810"}],"curies":[{"name":"wp","href":"https:\/\/api.w.org\/{rel}","templated":true}]}}