{"id":2804,"date":"2018-07-25T09:43:46","date_gmt":"2018-07-25T08:43:46","guid":{"rendered":"http:\/\/www.dokaattila.hu\/?p=2804"},"modified":"2018-07-25T09:43:46","modified_gmt":"2018-07-25T08:43:46","slug":"interjuk-mint-onismereti-trening","status":"publish","type":"post","link":"https:\/\/www.dokaattila.hu\/?p=2804","title":{"rendered":"Interj\u00fak, mint \u00f6nismereti tr\u00e9ning"},"content":{"rendered":"<p style=\"text-align: justify;\">Bevallom, az interj\u00fak, melyek az ut\u00f3bbi id\u0151ben k\u00e9sz\u00fcltek velem, fel\u00e9rtek egy \u00f6nismereti tr\u00e9ninggel. \u00c9rdekes, okos emberek besz\u00e9lgetettek velem, akik sok igazs\u00e1gra vil\u00e1g\u00edtottak r\u00e1: bizonyoss\u00e1 v\u00e1lt p\u00e9ld\u00e1ul, hogy mindig is dalszerz\u0151 voltam. Eg\u00e9sz \u00e9letemben. Akkor is, amikor gyerekk\u00e9nt G\u00f6r\u00f6gorsz\u00e1gban, 40 fokos h\u0151s\u00e9gben nem voltam hajland\u00f3 megn\u00e9zni az Akropoliszt, \u00e9s ink\u00e1bb lent maradtam az \u00e1rny\u00e9kban. \u00c9s akkor is, amikor Egerben, a G\u00e1rdonyi-h\u00e1zban t\u00f6rt r\u00e1m a sztr\u00e1jkhangulat. De le<span class=\"text_exposed_hide\">&#8230;<\/span><span class=\"text_exposed_show\">gbel\u00fcl, dacoss\u00e1gom ellen\u00e9re is gy\u0171jt\u00f6ttem az impulzusokat: l\u00e1ttam a g\u00f6r\u00f6g-\u00e1rny\u00e9kban az \u00e1rusok kincseire vad\u00e1sz\u00f3, fiatal l\u00e1nyok szemeit, az \u00edr\u00f3 h\u00e1z\u00e1b\u00f3l pedig elhoztam magammal az alkot\u00e1sra optimaliz\u00e1lt otthon k\u00e9p\u00e9t. \u00c9n 13 \u00e9ves koromban kezdtem git\u00e1rozni, \u00e9s dalokat \u00edrni. Evidens volt, hogy a zen\u00e9l\u00e9s az \u00e9n olvasatomban ezt fogja jelenteni. Az elm\u00falt id\u0151szak pedig m\u00e9g ink\u00e1bb r\u00e1vil\u00e1g\u00edtott minderre. Az\u00f3ta sok, sz\u00edvemnek nagyon kedves dal \u00e9s sz\u00f6veg sz\u00fcletett, melyek k\u00f6z\u00fcl tal\u00e1n a \u201eHol van az az orsz\u00e1g?\u201d a legemblematikusabb. N\u00e9h\u00e1ny fot\u00f3 arr\u00f3l a hangszerr\u0151l, ami ennek megalkot\u00e1s\u00e1ban seg\u00e9dkezett, \u00e9s ami mostan\u00e1ban kev\u00e9s \u201elehet\u0151s\u00e9get\u201d kap: a t\u00f6bb mint 20 \u00e9ve birtokolt Ibanez AE20-as.<br \/>\nFot\u00f3: Juh\u00e1sz <a class=\"profileLink\" href=\"https:\/\/www.facebook.com\/melinda.juhasz.3726?fref=mentions\" data-hovercard-prefer-more-content-show=\"1\" data-hovercard=\"\/ajax\/hovercard\/user.php?id=100021869269798&amp;extragetparams=%7B%22fref%22%3A%22mentions%22%7D\">Melinda Juh\u00e1sz<\/a><\/span><\/p>\n<div id='gallery-1' class='gallery galleryid-2804 gallery-columns-3 gallery-size-thumbnail'><figure class='gallery-item'>\n\t\t\t<div class='gallery-icon landscape'>\n\t\t\t\t<a href='https:\/\/www.dokaattila.hu\/?attachment_id=2805'><img loading=\"lazy\" decoding=\"async\" width=\"150\" height=\"150\" src=\"https:\/\/www.dokaattila.hu\/wp-content\/uploads\/2018\/07\/1-200x200.jpg\" class=\"attachment-thumbnail size-thumbnail\" alt=\"\" aria-describedby=\"gallery-1-2805\" srcset=\"https:\/\/www.dokaattila.hu\/wp-content\/uploads\/2018\/07\/1-200x200.jpg 200w, https:\/\/www.dokaattila.hu\/wp-content\/uploads\/2018\/07\/1-208x208.jpg 208w\" sizes=\"auto, (max-width: 150px) 100vw, 150px\" \/><\/a>\n\t\t\t<\/div>\n\t\t\t\t<figcaption class='wp-caption-text gallery-caption' id='gallery-1-2805'>\n\t\t\t\tA J\u00f3zsef Attila Sz\u00ednh\u00e1z irodalmi sz\u00ednpad\u00e1n, ahol folyamatosan fot\u00f3ki\u00e1ll\u00edt\u00e1sok vannak\n\t\t\t\t<\/figcaption><\/figure><figure class='gallery-item'>\n\t\t\t<div class='gallery-icon landscape'>\n\t\t\t\t<a href='https:\/\/www.dokaattila.hu\/?attachment_id=2806'><img loading=\"lazy\" decoding=\"async\" width=\"150\" height=\"150\" src=\"https:\/\/www.dokaattila.hu\/wp-content\/uploads\/2018\/07\/4-200x200.jpg\" class=\"attachment-thumbnail size-thumbnail\" alt=\"\" aria-describedby=\"gallery-1-2806\" srcset=\"https:\/\/www.dokaattila.hu\/wp-content\/uploads\/2018\/07\/4-200x200.jpg 200w, https:\/\/www.dokaattila.hu\/wp-content\/uploads\/2018\/07\/4-208x208.jpg 208w\" sizes=\"auto, (max-width: 150px) 100vw, 150px\" \/><\/a>\n\t\t\t<\/div>\n\t\t\t\t<figcaption class='wp-caption-text gallery-caption' id='gallery-1-2806'>\n\t\t\t\tWinkler Fl\u00f3r\u00e1val a &#8222;K\u00f6zel vagy hozz\u00e1m&#8221; c\u00edm\u0171 dal forgat\u00e1s\u00e1n\n\t\t\t\t<\/figcaption><\/figure><figure class='gallery-item'>\n\t\t\t<div class='gallery-icon portrait'>\n\t\t\t\t<a href='https:\/\/www.dokaattila.hu\/?attachment_id=2807'><img loading=\"lazy\" decoding=\"async\" width=\"150\" height=\"150\" src=\"https:\/\/www.dokaattila.hu\/wp-content\/uploads\/2018\/07\/5-200x200.jpg\" class=\"attachment-thumbnail size-thumbnail\" alt=\"\" srcset=\"https:\/\/www.dokaattila.hu\/wp-content\/uploads\/2018\/07\/5-200x200.jpg 200w, https:\/\/www.dokaattila.hu\/wp-content\/uploads\/2018\/07\/5-208x208.jpg 208w\" sizes=\"auto, (max-width: 150px) 100vw, 150px\" \/><\/a>\n\t\t\t<\/div><\/figure><figure class='gallery-item'>\n\t\t\t<div class='gallery-icon landscape'>\n\t\t\t\t<a href='https:\/\/www.dokaattila.hu\/?attachment_id=2808'><img loading=\"lazy\" decoding=\"async\" width=\"150\" height=\"150\" src=\"https:\/\/www.dokaattila.hu\/wp-content\/uploads\/2018\/07\/DSC_1801-200x200.jpg\" class=\"attachment-thumbnail size-thumbnail\" alt=\"\" aria-describedby=\"gallery-1-2808\" srcset=\"https:\/\/www.dokaattila.hu\/wp-content\/uploads\/2018\/07\/DSC_1801-200x200.jpg 200w, https:\/\/www.dokaattila.hu\/wp-content\/uploads\/2018\/07\/DSC_1801-208x208.jpg 208w\" sizes=\"auto, (max-width: 150px) 100vw, 150px\" \/><\/a>\n\t\t\t<\/div>\n\t\t\t\t<figcaption class='wp-caption-text gallery-caption' id='gallery-1-2808'>\n\t\t\t\tP\u00fader B\u00e1rsz\u00ednh\u00e1z, ahol a &#8222;Meg\u00f6lelt az Isten&#8221; c\u00edm\u0171 Pet\u0151cz verset zen\u00e9s\u00edtettem meg \u00e9s a sz\u00ednpadon G\u00e1ti Oszk\u00e1rral lehettem.\n\t\t\t\t<\/figcaption><\/figure>\n\t\t<\/div>\n\n","protected":false},"excerpt":{"rendered":"<p>Bevallom, az interj\u00fak, melyek az ut\u00f3bbi id\u0151ben k\u00e9sz\u00fcltek velem, fel\u00e9rtek egy \u00f6nismereti tr\u00e9ninggel. \u00c9rdekes, okos emberek besz\u00e9lgetettek velem, akik sok igazs\u00e1gra vil\u00e1g\u00edtottak r\u00e1: bizonyoss\u00e1 v\u00e1lt p\u00e9ld\u00e1ul, hogy mindig is dalszerz\u0151 [&hellip;]<\/p>\n","protected":false},"author":1,"featured_media":2805,"comment_status":"closed","ping_status":"closed","sticky":false,"template":"","format":"standard","meta":{"footnotes":""},"categories":[6],"tags":[54,95,134,241,319],"class_list":["post-2804","post","type-post","status-publish","format-standard","has-post-thumbnail","hentry","category-news","tag-doka-attila","tag-gati-oszkar","tag-juhasz-melinda","tag-petocz-andras","tag-winkler-flora"],"_links":{"self":[{"href":"https:\/\/www.dokaattila.hu\/index.php?rest_route=\/wp\/v2\/posts\/2804","targetHints":{"allow":["GET"]}}],"collection":[{"href":"https:\/\/www.dokaattila.hu\/index.php?rest_route=\/wp\/v2\/posts"}],"about":[{"href":"https:\/\/www.dokaattila.hu\/index.php?rest_route=\/wp\/v2\/types\/post"}],"author":[{"embeddable":true,"href":"https:\/\/www.dokaattila.hu\/index.php?rest_route=\/wp\/v2\/users\/1"}],"replies":[{"embeddable":true,"href":"https:\/\/www.dokaattila.hu\/index.php?rest_route=%2Fwp%2Fv2%2Fcomments&post=2804"}],"version-history":[{"count":1,"href":"https:\/\/www.dokaattila.hu\/index.php?rest_route=\/wp\/v2\/posts\/2804\/revisions"}],"predecessor-version":[{"id":2809,"href":"https:\/\/www.dokaattila.hu\/index.php?rest_route=\/wp\/v2\/posts\/2804\/revisions\/2809"}],"wp:featuredmedia":[{"embeddable":true,"href":"https:\/\/www.dokaattila.hu\/index.php?rest_route=\/wp\/v2\/media\/2805"}],"wp:attachment":[{"href":"https:\/\/www.dokaattila.hu\/index.php?rest_route=%2Fwp%2Fv2%2Fmedia&parent=2804"}],"wp:term":[{"taxonomy":"category","embeddable":true,"href":"https:\/\/www.dokaattila.hu\/index.php?rest_route=%2Fwp%2Fv2%2Fcategories&post=2804"},{"taxonomy":"post_tag","embeddable":true,"href":"https:\/\/www.dokaattila.hu\/index.php?rest_route=%2Fwp%2Fv2%2Ftags&post=2804"}],"curies":[{"name":"wp","href":"https:\/\/api.w.org\/{rel}","templated":true}]}}